{"id":410,"date":"2026-08-29T12:03:52","date_gmt":"2026-08-29T15:03:52","guid":{"rendered":"https:\/\/www.ce.ufpb.br\/ppgave\/?p=410"},"modified":"2026-08-29T12:03:52","modified_gmt":"2026-08-29T15:03:52","slug":"convite-aula-inaugural-ppgave-ppge-2026-2","status":"publish","type":"post","link":"https:\/\/www.ce.ufpb.br\/ppgave\/institucional\/convite-aula-inaugural-ppgave-ppge-2026-2\/","title":{"rendered":"Convite: AULA INAUGURAL PPGAVE &amp; PPGE 2026.2"},"content":{"rendered":"\n<p class=\"wp-block-paragraph\"><\/p>\n\n\n\n<p class=\"wp-block-paragraph\">Os Programas de P\u00f3s-Gradua\u00e7\u00e3o em Pol\u00edticas P\u00fablicas, Gest\u00e3o e Avalia\u00e7\u00e3o da Educa\u00e7\u00e3o (PPGAVE) e em Educa\u00e7\u00e3o (PPGE) convidam toda a comunidade acad\u00eamica para a Aula Inaugural do semestre 2026.2.<\/p>\n\n\n\n<p class=\"wp-block-paragraph\">Tema:<br>&#8220;Interc\u00e2mbio Internacional e Mobilidade Acad\u00eamica nos Processos de Forma\u00e7\u00e3o\u201d<br>Convidado:<br>Prof. Dr. Francesc Xavier Uceda Maza<br>Professor Titular da Universidade de Val\u00eancia, Espanha<\/p>\n\n\n\n<p class=\"wp-block-paragraph\">\ud83d\udcc5 01 de setembro (ter\u00e7a-feira)<br>\ud83d\udd51 14h<br>\ud83d\udccd Audit\u00f3rio do PPGE \u2013 UFPB<\/p>\n\n\n\n<p class=\"wp-block-paragraph\">Um encontro especial para dialogar sobre internacionaliza\u00e7\u00e3o, interc\u00e2mbio e mobilidade acad\u00eamica na forma\u00e7\u00e3o universit\u00e1ria.<\/p>\n\n\n\n<p class=\"wp-block-paragraph\">Participe!<\/p>\n","protected":false},"excerpt":{"rendered":"<p>Os Programas de P\u00f3s-Gradua\u00e7\u00e3o em Pol\u00edticas P\u00fablicas, Gest\u00e3o e Avalia\u00e7\u00e3o da Educa\u00e7\u00e3o (PPGAVE) e em [&hellip;]<\/p>\n","protected":false},"author":343,"featured_media":411,"comment_status":"closed","ping_status":"open","sticky":false,"template":"","format":"standard","meta":{"footnotes":""},"categories":[3,5],"tags":[],"class_list":["post-410","post","type-post","status-publish","format-standard","has-post-thumbnail","hentry","category-institucional","category-http-www-ce-ufpb-br-ppgave-wp-content-uploads-sites-138-sites-321-2026-06-ppgave-nota-4-png"],"_links":{"self":[{"href":"https:\/\/www.ce.ufpb.br\/ppgave\/wp-json\/wp\/v2\/posts\/410","targetHints":{"allow":["GET"]}}],"collection":[{"href":"https:\/\/www.ce.ufpb.br\/ppgave\/wp-json\/wp\/v2\/posts"}],"about":[{"href":"https:\/\/www.ce.ufpb.br\/ppgave\/wp-json\/wp\/v2\/types\/post"}],"author":[{"embeddable":true,"href":"https:\/\/www.ce.ufpb.br\/ppgave\/wp-json\/wp\/v2\/users\/343"}],"replies":[{"embeddable":true,"href":"https:\/\/www.ce.ufpb.br\/ppgave\/wp-json\/wp\/v2\/comments?post=410"}],"version-history":[{"count":1,"href":"https:\/\/www.ce.ufpb.br\/ppgave\/wp-json\/wp\/v2\/posts\/410\/revisions"}],"predecessor-version":[{"id":412,"href":"https:\/\/www.ce.ufpb.br\/ppgave\/wp-json\/wp\/v2\/posts\/410\/revisions\/412"}],"wp:featuredmedia":[{"embeddable":true,"href":"https:\/\/www.ce.ufpb.br\/ppgave\/wp-json\/wp\/v2\/media\/411"}],"wp:attachment":[{"href":"https:\/\/www.ce.ufpb.br\/ppgave\/wp-json\/wp\/v2\/media?parent=410"}],"wp:term":[{"taxonomy":"category","embeddable":true,"href":"https:\/\/www.ce.ufpb.br\/ppgave\/wp-json\/wp\/v2\/categories?post=410"},{"taxonomy":"post_tag","embeddable":true,"href":"https:\/\/www.ce.ufpb.br\/ppgave\/wp-json\/wp\/v2\/tags?post=410"}],"curies":[{"name":"wp","href":"https:\/\/api.w.org\/{rel}","templated":true}]}}