{"id":52,"date":"2024-07-03T21:35:56","date_gmt":"2024-07-03T21:35:56","guid":{"rendered":"https:\/\/www.ce.ufpb.br\/bce2\/?p=52"},"modified":"2024-07-08T19:30:43","modified_gmt":"2024-07-08T19:30:43","slug":"inscricoes-homologadas-confirmacoes-para-2024-1","status":"publish","type":"post","link":"https:\/\/www.ce.ufpb.br\/bce\/uncategorized\/inscricoes-homologadas-confirmacoes-para-2024-1\/","title":{"rendered":"Inscri\u00e7\u00f5es homologadas (confirma\u00e7\u00f5es para 2024.1)"},"content":{"rendered":"\n<p class=\"has-text-align-center wp-block-paragraph\">UNIVERSIDADE FEDERAL DA PARA\u00cdBA<\/p>\n\n\n\n<p class=\"has-text-align-center wp-block-paragraph\">CENTRO DE EDUCA\u00c7\u00c3O<\/p>\n\n\n\n<p class=\"has-text-align-center wp-block-paragraph\">BRINQUEDOTECA &#8211; CE<\/p>\n\n\n\n<p class=\"has-text-align-center wp-block-paragraph\"><strong>HOMOLOGA\u00c7\u00c3O DAS INSCRI\u00c7\u00d5ES CONFIRMADAS [RETIFICA\u00c7\u00c3O]<\/strong><\/p>\n\n\n\n<p class=\"has-text-align-center wp-block-paragraph\"><strong>&nbsp; BRINQUEDOTECA DO CENTRO DE EDUCA\u00c7\u00c3O &#8211; SEMESTRE 202<\/strong><strong>4.1<\/strong><\/p>\n\n\n\n<figure class=\"wp-block-table\"><table><tbody><tr><td><\/td><td><strong>NOME<\/strong><\/td><td><strong>V\u00cdNCULO DO\/A RESPONS\u00c1VEL<\/strong><\/td><td><strong>TURNO<\/strong><\/td><\/tr><tr><td>1<\/td><td>Jo\u00e3o Serafim Ferreira Carvalho Ara\u00fajo Barbosa<\/td><td>Estudante<\/td><td>Manh\u00e3<\/td><\/tr><tr><td>2<\/td><td>Manuela Santos Barboza<\/td><td>Servidor<\/td><td>Manh\u00e3<\/td><\/tr><tr><td>3<\/td><td>Isaac Costa Monteiro<\/td><td>Servidor<\/td><td>Manh\u00e3<\/td><\/tr><tr><td>4<\/td><td>Giovana Macedo Gomes de Lima<\/td><td>Servidor<\/td><td>Manh\u00e3<\/td><\/tr><tr><td>5<\/td><td>Geraldo Neves Gomes Neto<\/td><td>Servidor<\/td><td>Manh\u00e3<\/td><\/tr><tr><td>6<\/td><td>Dandara Rodrigues Ribeiro Almeida<\/td><td>Estudante<\/td><td>Manh\u00e3<\/td><\/tr><tr><td>7<\/td><td>Flora Batusich Ramos<\/td><td>Estudante<\/td><td>Manh\u00e3<\/td><\/tr><tr><td>8<\/td><td>Ina\u00ea Oliveira Brito de Melo<\/td><td>Estudante<\/td><td>Manh\u00e3<\/td><\/tr><tr><td>9<\/td><td>Ravi Gomes Pontes<\/td><td>Estudante<\/td><td>Manh\u00e3<\/td><\/tr><tr><td>10<\/td><td>Enzo Gabriel Farias de Albuquerque<\/td><td>Estudante<\/td><td>Manh\u00e3<\/td><\/tr><\/tbody><\/table><\/figure>\n\n\n\n<figure class=\"wp-block-table\"><table><tbody><tr><td>&nbsp;<\/td><td><strong>NOME<\/strong><\/td><td><strong>V\u00cdNCULO DO\/A RESPONS\u00c1VEL<\/strong><\/td><td><strong>TURNO<\/strong><\/td><\/tr><tr><td>1<\/td><td>Gabriel Santos Barboza<\/td><td>Servidor<\/td><td>Tarde<\/td><\/tr><tr><td>2<\/td><td>Bela de Oliveira Maximo<\/td><td>Servidor<\/td><td>Tarde<\/td><\/tr><tr><td>3<\/td><td>Maia Batusich Ramos<\/td><td>Estudante<\/td><td>Tarde<\/td><\/tr><tr><td>4<\/td><td>Joaquim Dias Bernardino<\/td><td>Servidor<\/td><td>Tarde<\/td><\/tr><tr><td>5<\/td><td>Marina Tavares Nascimento<\/td><td>Servidor<\/td><td>Tarde<\/td><\/tr><tr><td>6<\/td><td>Beatriz Tavares Nascimento<\/td><td>Servidor<\/td><td>Tarde<\/td><\/tr><tr><td>7<\/td><td>Jos\u00e9 Sales da Silva Neto<\/td><td>Estudante<\/td><td>Tarde<\/td><\/tr><tr><td>8<\/td><td>Maria Alice dos Santos Silva<\/td><td>Estudante<\/td><td>Tarde<\/td><\/tr><tr><td>9<\/td><td>Flora Silva de Abreu<\/td><td>Servidor<\/td><td>Tarde<\/td><\/tr><\/tbody><\/table><\/figure>\n\n\n\n<figure class=\"wp-block-table\"><table><tbody><tr><td>&nbsp;<\/td><td><strong>NOME<\/strong><\/td><td><strong>V\u00cdNCULO DO\/A RESPONS\u00c1VEL<\/strong><\/td><td><strong>TURNO<\/strong><\/td><\/tr><tr><td>1<\/td><td>Elisa Fernandes Santiago<\/td><td>Estudante<\/td><td>Noite<\/td><\/tr><tr><td>2<\/td><td>Ant\u00f4nio Evaristo Ara\u00fajo Dornelas<\/td><td>Estudante<\/td><td>Noite<\/td><\/tr><tr><td>3<\/td><td>Jonathan Gabriel Linhares Fourgiotis<\/td><td>Estudante<\/td><td>Noite<\/td><\/tr><tr><td>4<\/td><td>Maria J\u00falia Miranda de Sant\u2019Ana<\/td><td>Servidor<\/td><td>Noite<\/td><\/tr><tr><td>5<\/td><td>Angelo Felipe do Nascimento Victor<\/td><td>Estudante<\/td><td>Noite<\/td><\/tr><tr><td>6<\/td><td>Dandara Rodrigues Ribeiro Almeida<\/td><td>Estudante<\/td><td>Noite<\/td><\/tr><tr><td>7<\/td><td>Josu\u00e9 Rodrigues Ribeiro Almeida<\/td><td>Estudante<\/td><td>Noite<\/td><\/tr><tr><td>8<\/td><td>Maria Cec\u00edlia Silva dos Santos<\/td><td>Estudante<\/td><td>Noite<\/td><\/tr><tr><td>9<\/td><td>Mariana Vit\u00f3ria dos Santos Tabajara<\/td><td>Estudante<\/td><td>Noite<\/td><\/tr><tr><td>10<\/td><td>Anne Liz Mesquita de Ara\u00fajo<\/td><td>Estudante<\/td><td>Noite<\/td><\/tr><tr><td>11<\/td><td>Giovanna Mendes de Paula Lemo<\/td><td>Servidor<\/td><td>Noite<\/td><\/tr><\/tbody><\/table><\/figure>\n\n\n\n<p class=\"wp-block-paragraph\"><strong>INSCRI\u00c7\u00d5ES N\u00c3O HOMOLOGADAS<\/strong><\/p>\n\n\n\n<figure class=\"wp-block-table\"><table><tbody><tr><td>&nbsp;<\/td><td><strong>NOME<\/strong><\/td><td><strong>TURNO<\/strong><\/td><td><strong>MOTIVO DA N\u00c3O HOMOLOGA\u00c7\u00c3O<\/strong><\/td><\/tr><tr><td>1<\/td><td>Ruan Di Lucca Rodrigues Filgueiras<\/td><td>TARDE<\/td><td>A crian\u00e7a n\u00e3o tinha v\u00ednculo com a Brinquedoteca em 2023.2. Por isso, a inscri\u00e7\u00e3o n\u00e3o p\u00f4de ser confirmada para 2024.1. Dever\u00e1 participar da Chamada P\u00fablica que ser\u00e1 publicada essa semana.<\/td><\/tr><tr><td>2<\/td><td>Jennifer Gabrielly Trajano Cavalcante<\/td><td>TARDE<\/td><td>A crian\u00e7a n\u00e3o frequentou a Brinquedoteca em 2023.2. Por isso, a inscri\u00e7\u00e3o n\u00e3o p\u00f4de ser confirmada para 2024.1. Dever\u00e1 participar da Chamada P\u00fablica que ser\u00e1 publicada essa semana.<\/td><\/tr><tr><td>3<\/td><td>Ryan F\u00e1bio Trajano Cavalcante<\/td><td>MANH\u00c3<\/td><td>A crian\u00e7a n\u00e3o frequentou a Brinquedoteca em 2023.2. Por isso, a inscri\u00e7\u00e3o n\u00e3o p\u00f4de ser confirmada para 2024.1. Dever\u00e1 participar da Chamada P\u00fablica que ser\u00e1 publicada essa semana.<\/td><\/tr><\/tbody><\/table><\/figure>\n\n\n\n<p class=\"wp-block-paragraph\">Jo\u00e3o Pessoa-PB, 02 de julho de 2024.<\/p>\n\n\n\n<p class=\"wp-block-paragraph\">Profa. Karen Guedes Oliveira<\/p>\n\n\n\n<p class=\"wp-block-paragraph\"><strong>C<\/strong><strong>oordenadora da Brinquedoteca do Centro de Educa\u00e7\u00e3o &#8211; UFPB<\/strong><\/p>\n\n\n\n<p class=\"wp-block-paragraph\">Profa. Aurora Camboim Lopes de Andrade Lula<\/p>\n\n\n\n<p class=\"wp-block-paragraph\"><strong>Vice- coordenadora da Brinquedoteca do Centro de Educa\u00e7\u00e3o &#8211; UFPB<\/strong><\/p>\n\n\n\n<div class=\"wp-block-file\"><a id=\"wp-block-file--media-b498fa54-c364-41b8-8f86-eed87eff8830\" href=\"http:\/\/www.ce.ufpb.br\/bce2\/wp-content\/uploads\/sites\/138\/sites\/193\/2024\/07\/retificadoHomologacao-das-inscricoes_confirmadas-2024.1.pdf\">[retificado]Homologa\u00e7\u00e3o das inscri\u00e7\u00f5es_confirmadas 2024.1<\/a><a href=\"http:\/\/www.ce.ufpb.br\/bce2\/wp-content\/uploads\/sites\/138\/sites\/193\/2024\/07\/retificadoHomologacao-das-inscricoes_confirmadas-2024.1.pdf\" class=\"wp-block-file__button wp-element-button\" download aria-describedby=\"wp-block-file--media-b498fa54-c364-41b8-8f86-eed87eff8830\">Baixar<\/a><\/div>\n","protected":false},"excerpt":{"rendered":"<p>UNIVERSIDADE FEDERAL DA PARA\u00cdBA CENTRO DE EDUCA\u00c7\u00c3O BRINQUEDOTECA &#8211; CE HOMOLOGA\u00c7\u00c3O DAS INSCRI\u00c7\u00d5ES CONFIRMADAS [RETIFICA\u00c7\u00c3O] &nbsp; BRINQUEDOTECA DO CENTRO DE EDUCA\u00c7\u00c3O &#8211; SEMESTRE 2024.1 NOME V\u00cdNCULO DO\/A RESPONS\u00c1VEL TURNO 1 Jo\u00e3o Serafim Ferreira Carvalho Ara\u00fajo Barbosa Estudante Manh\u00e3 2 Manuela Santos Barboza Servidor Manh\u00e3 3 Isaac Costa Monteiro Servidor Manh\u00e3 4 Giovana Macedo Gomes de [&hellip;]<\/p>\n","protected":false},"author":47,"featured_media":0,"comment_status":"open","ping_status":"open","sticky":false,"template":"","format":"standard","meta":{"footnotes":""},"categories":[1],"tags":[],"class_list":["post-52","post","type-post","status-publish","format-standard","hentry","category-uncategorized"],"_links":{"self":[{"href":"https:\/\/www.ce.ufpb.br\/bce\/wp-json\/wp\/v2\/posts\/52","targetHints":{"allow":["GET"]}}],"collection":[{"href":"https:\/\/www.ce.ufpb.br\/bce\/wp-json\/wp\/v2\/posts"}],"about":[{"href":"https:\/\/www.ce.ufpb.br\/bce\/wp-json\/wp\/v2\/types\/post"}],"author":[{"embeddable":true,"href":"https:\/\/www.ce.ufpb.br\/bce\/wp-json\/wp\/v2\/users\/47"}],"replies":[{"embeddable":true,"href":"https:\/\/www.ce.ufpb.br\/bce\/wp-json\/wp\/v2\/comments?post=52"}],"version-history":[{"count":2,"href":"https:\/\/www.ce.ufpb.br\/bce\/wp-json\/wp\/v2\/posts\/52\/revisions"}],"predecessor-version":[{"id":82,"href":"https:\/\/www.ce.ufpb.br\/bce\/wp-json\/wp\/v2\/posts\/52\/revisions\/82"}],"wp:attachment":[{"href":"https:\/\/www.ce.ufpb.br\/bce\/wp-json\/wp\/v2\/media?parent=52"}],"wp:term":[{"taxonomy":"category","embeddable":true,"href":"https:\/\/www.ce.ufpb.br\/bce\/wp-json\/wp\/v2\/categories?post=52"},{"taxonomy":"post_tag","embeddable":true,"href":"https:\/\/www.ce.ufpb.br\/bce\/wp-json\/wp\/v2\/tags?post=52"}],"curies":[{"name":"wp","href":"https:\/\/api.w.org\/{rel}","templated":true}]}}